{"id":5920,"date":"2023-10-27T16:40:22","date_gmt":"2023-10-27T14:40:22","guid":{"rendered":"https:\/\/victoriaarduino.com\/news\/e1-prima-pro-la-maquina-profesional-de-un-grupo-para-los-pioneros-del-gusto\/"},"modified":"2025-06-11T17:39:44","modified_gmt":"2025-06-11T15:39:44","slug":"e1-prima-pro-la-maquina-profesional-de-un-grupo-para-los-pioneros-del-gusto","status":"publish","type":"story","link":"https:\/\/victoriaarduino.com\/es\/news\/e1-prima-pro-la-maquina-profesional-de-un-grupo-para-los-pioneros-del-gusto\/","title":{"rendered":"E1 prima PRO, la m\u00e1quina profesional de un grupo para los pioneros del gusto."},"featured_media":5921,"template":"","meta":{"_acf_changed":false,"inline_featured_image":false},"story_category":[],"class_list":["post-5920","story","type-story","status-publish","has-post-thumbnail","hentry"],"acf":{"story_content_blocks":[{"acf_fc_layout":"text","description":"<p>Victoria Arduino est\u00e1 expandiendo la <b>gama E1 Prima<\/b> con <b>E1 Prima PRO<\/b>. El nuevo modelo de un grupo de Victoria Arduino se une a los modelos lanzados en 2020 y 2023 con un <b>enfoque marcadamente profesional<\/b>.<\/p>\n"},{"acf_fc_layout":"text","description":"<p>E1 Prima PRO naci\u00f3 como <b>pionera<\/b>, siempre orientada a llevar innovaci\u00f3n a cada entorno para el que fue dise\u00f1ada, empoderando a creativos y experimentadores. Es por eso que Victoria Arduino ha condensado las tecnolog\u00edas m\u00e1s avanzadas en uno de sus <b>dise\u00f1os m\u00e1s ecl\u00e9cticos<\/b>.<br \/>\nE1 Prima PRO es la m\u00e1quina de espresso profesional de un grupo para <b>especialistas en caf\u00e9<\/b>, <b>tostadores<\/b>, <b>chefs<\/b> y <b>mix\u00f3logos<\/b> que desean alcanzar cimas inexploradas de calidad, descubrir nuevos l\u00edmites del gusto para saborear la emoci\u00f3n de ir donde nadie ha ido antes.<br \/>\nVis\u00edtenos en <b>Host Milano<\/b> para experimentar la E1 Prima PRO de Victoria Arduino (Pabell\u00f3n 24, Stand B23-33-D24-D34).<br \/>\n<a href=\"https:\/\/victoriaarduino.com\/eagleoneprima\/\">DESCUBRA M\u00c1S SOBRE E1 PRIMA PRO<\/a><\/p>\n"}],"story_related_products":"","story_related_locations":"","story_preview_subtitle":""},"yoast_head":"<!-- This site is optimized with the Yoast SEO plugin v27.5 - https:\/\/yoast.com\/product\/yoast-seo-wordpress\/ -->\n<title>E1 prima PRO, la m\u00e1quina profesional de un grupo para los pioneros del gusto. - Victoria Arduino<\/title>\n<meta name=\"description\" content=\"Explore Victoria Arduino&#039;s stories: innovation, coffee passion, and insights from leading voices in the specialty coffee world.\" \/>\n<meta name=\"robots\" content=\"index, follow, max-snippet:-1, max-image-preview:large, max-video-preview:-1\" \/>\n<link rel=\"canonical\" href=\"https:\/\/victoriaarduino.com\/es\/news\/e1-prima-pro-la-maquina-profesional-de-un-grupo-para-los-pioneros-del-gusto\/\" \/>\n<meta property=\"og:locale\" content=\"es_ES\" \/>\n<meta property=\"og:type\" content=\"article\" \/>\n<meta property=\"og:title\" content=\"E1 prima PRO, la m\u00e1quina profesional de un grupo para los pioneros del gusto. - Victoria Arduino\" \/>\n<meta property=\"og:description\" content=\"Explore Victoria Arduino&#039;s stories: innovation, coffee passion, and insights from leading voices in the specialty coffee world.\" \/>\n<meta property=\"og:url\" content=\"https:\/\/victoriaarduino.com\/es\/news\/e1-prima-pro-la-maquina-profesional-de-un-grupo-para-los-pioneros-del-gusto\/\" \/>\n<meta property=\"og:site_name\" content=\"Victoria Arduino\" \/>\n<meta property=\"article:modified_time\" content=\"2025-06-11T15:39:44+00:00\" \/>\n<meta property=\"og:image\" content=\"https:\/\/victoriaarduino.com\/wp-content\/uploads\/2025\/05\/1.1.png\" \/>\n\t<meta property=\"og:image:width\" content=\"1238\" \/>\n\t<meta property=\"og:image:height\" content=\"841\" \/>\n\t<meta property=\"og:image:type\" content=\"image\/png\" \/>\n<meta name=\"twitter:card\" content=\"summary_large_image\" \/>\n<meta name=\"twitter:label1\" content=\"Tiempo de lectura\" \/>\n\t<meta name=\"twitter:data1\" content=\"1 minuto\" \/>\n<script type=\"application\/ld+json\" class=\"yoast-schema-graph\">{\"@context\":\"https:\\\/\\\/schema.org\",\"@graph\":[{\"@type\":\"WebPage\",\"@id\":\"https:\\\/\\\/victoriaarduino.com\\\/es\\\/news\\\/e1-prima-pro-la-maquina-profesional-de-un-grupo-para-los-pioneros-del-gusto\\\/\",\"url\":\"https:\\\/\\\/victoriaarduino.com\\\/es\\\/news\\\/e1-prima-pro-la-maquina-profesional-de-un-grupo-para-los-pioneros-del-gusto\\\/\",\"name\":\"E1 prima PRO, la m\u00e1quina profesional de un grupo para los pioneros del gusto. - Victoria Arduino\",\"isPartOf\":{\"@id\":\"https:\\\/\\\/victoriaarduino.com\\\/es\\\/#website\"},\"primaryImageOfPage\":{\"@id\":\"https:\\\/\\\/victoriaarduino.com\\\/es\\\/news\\\/e1-prima-pro-la-maquina-profesional-de-un-grupo-para-los-pioneros-del-gusto\\\/#primaryimage\"},\"image\":{\"@id\":\"https:\\\/\\\/victoriaarduino.com\\\/es\\\/news\\\/e1-prima-pro-la-maquina-profesional-de-un-grupo-para-los-pioneros-del-gusto\\\/#primaryimage\"},\"thumbnailUrl\":\"https:\\\/\\\/victoriaarduino.com\\\/wp-content\\\/uploads\\\/2025\\\/05\\\/1.1.png\",\"datePublished\":\"2023-10-27T14:40:22+00:00\",\"dateModified\":\"2025-06-11T15:39:44+00:00\",\"description\":\"Explore Victoria Arduino's stories: innovation, coffee passion, and insights from leading voices in the specialty coffee world.\",\"breadcrumb\":{\"@id\":\"https:\\\/\\\/victoriaarduino.com\\\/es\\\/news\\\/e1-prima-pro-la-maquina-profesional-de-un-grupo-para-los-pioneros-del-gusto\\\/#breadcrumb\"},\"inLanguage\":\"es\",\"potentialAction\":[{\"@type\":\"ReadAction\",\"target\":[\"https:\\\/\\\/victoriaarduino.com\\\/es\\\/news\\\/e1-prima-pro-la-maquina-profesional-de-un-grupo-para-los-pioneros-del-gusto\\\/\"]}]},{\"@type\":\"ImageObject\",\"inLanguage\":\"es\",\"@id\":\"https:\\\/\\\/victoriaarduino.com\\\/es\\\/news\\\/e1-prima-pro-la-maquina-profesional-de-un-grupo-para-los-pioneros-del-gusto\\\/#primaryimage\",\"url\":\"https:\\\/\\\/victoriaarduino.com\\\/wp-content\\\/uploads\\\/2025\\\/05\\\/1.1.png\",\"contentUrl\":\"https:\\\/\\\/victoriaarduino.com\\\/wp-content\\\/uploads\\\/2025\\\/05\\\/1.1.png\",\"width\":1238,\"height\":841},{\"@type\":\"BreadcrumbList\",\"@id\":\"https:\\\/\\\/victoriaarduino.com\\\/es\\\/news\\\/e1-prima-pro-la-maquina-profesional-de-un-grupo-para-los-pioneros-del-gusto\\\/#breadcrumb\",\"itemListElement\":[{\"@type\":\"ListItem\",\"position\":1,\"name\":\"Inicio\",\"item\":\"https:\\\/\\\/victoriaarduino.com\\\/es\\\/pagina-de-inicio\\\/\"},{\"@type\":\"ListItem\",\"position\":2,\"name\":\"Storie\",\"item\":\"https:\\\/\\\/victoriaarduino.com\\\/es\\\/news\\\/\"},{\"@type\":\"ListItem\",\"position\":3,\"name\":\"E1 prima PRO, la m\u00e1quina profesional de un grupo para los pioneros del gusto.\"}]},{\"@type\":\"WebSite\",\"@id\":\"https:\\\/\\\/victoriaarduino.com\\\/es\\\/#website\",\"url\":\"https:\\\/\\\/victoriaarduino.com\\\/es\\\/\",\"name\":\"Victoria Arduino\",\"description\":\"\",\"potentialAction\":[{\"@type\":\"SearchAction\",\"target\":{\"@type\":\"EntryPoint\",\"urlTemplate\":\"https:\\\/\\\/victoriaarduino.com\\\/es\\\/?s={search_term_string}\"},\"query-input\":{\"@type\":\"PropertyValueSpecification\",\"valueRequired\":true,\"valueName\":\"search_term_string\"}}],\"inLanguage\":\"es\"}]}<\/script>\n<!-- \/ Yoast SEO plugin. -->","yoast_head_json":{"title":"E1 prima PRO, la m\u00e1quina profesional de un grupo para los pioneros del gusto. - Victoria Arduino","description":"Explore Victoria Arduino's stories: innovation, coffee passion, and insights from leading voices in the specialty coffee world.","robots":{"index":"index","follow":"follow","max-snippet":"max-snippet:-1","max-image-preview":"max-image-preview:large","max-video-preview":"max-video-preview:-1"},"canonical":"https:\/\/victoriaarduino.com\/es\/news\/e1-prima-pro-la-maquina-profesional-de-un-grupo-para-los-pioneros-del-gusto\/","og_locale":"es_ES","og_type":"article","og_title":"E1 prima PRO, la m\u00e1quina profesional de un grupo para los pioneros del gusto. - Victoria Arduino","og_description":"Explore Victoria Arduino's stories: innovation, coffee passion, and insights from leading voices in the specialty coffee world.","og_url":"https:\/\/victoriaarduino.com\/es\/news\/e1-prima-pro-la-maquina-profesional-de-un-grupo-para-los-pioneros-del-gusto\/","og_site_name":"Victoria Arduino","article_modified_time":"2025-06-11T15:39:44+00:00","og_image":[{"width":1238,"height":841,"url":"https:\/\/victoriaarduino.com\/wp-content\/uploads\/2025\/05\/1.1.png","type":"image\/png"}],"twitter_card":"summary_large_image","twitter_misc":{"Tiempo de lectura":"1 minuto"},"schema":{"@context":"https:\/\/schema.org","@graph":[{"@type":"WebPage","@id":"https:\/\/victoriaarduino.com\/es\/news\/e1-prima-pro-la-maquina-profesional-de-un-grupo-para-los-pioneros-del-gusto\/","url":"https:\/\/victoriaarduino.com\/es\/news\/e1-prima-pro-la-maquina-profesional-de-un-grupo-para-los-pioneros-del-gusto\/","name":"E1 prima PRO, la m\u00e1quina profesional de un grupo para los pioneros del gusto. - Victoria Arduino","isPartOf":{"@id":"https:\/\/victoriaarduino.com\/es\/#website"},"primaryImageOfPage":{"@id":"https:\/\/victoriaarduino.com\/es\/news\/e1-prima-pro-la-maquina-profesional-de-un-grupo-para-los-pioneros-del-gusto\/#primaryimage"},"image":{"@id":"https:\/\/victoriaarduino.com\/es\/news\/e1-prima-pro-la-maquina-profesional-de-un-grupo-para-los-pioneros-del-gusto\/#primaryimage"},"thumbnailUrl":"https:\/\/victoriaarduino.com\/wp-content\/uploads\/2025\/05\/1.1.png","datePublished":"2023-10-27T14:40:22+00:00","dateModified":"2025-06-11T15:39:44+00:00","description":"Explore Victoria Arduino's stories: innovation, coffee passion, and insights from leading voices in the specialty coffee world.","breadcrumb":{"@id":"https:\/\/victoriaarduino.com\/es\/news\/e1-prima-pro-la-maquina-profesional-de-un-grupo-para-los-pioneros-del-gusto\/#breadcrumb"},"inLanguage":"es","potentialAction":[{"@type":"ReadAction","target":["https:\/\/victoriaarduino.com\/es\/news\/e1-prima-pro-la-maquina-profesional-de-un-grupo-para-los-pioneros-del-gusto\/"]}]},{"@type":"ImageObject","inLanguage":"es","@id":"https:\/\/victoriaarduino.com\/es\/news\/e1-prima-pro-la-maquina-profesional-de-un-grupo-para-los-pioneros-del-gusto\/#primaryimage","url":"https:\/\/victoriaarduino.com\/wp-content\/uploads\/2025\/05\/1.1.png","contentUrl":"https:\/\/victoriaarduino.com\/wp-content\/uploads\/2025\/05\/1.1.png","width":1238,"height":841},{"@type":"BreadcrumbList","@id":"https:\/\/victoriaarduino.com\/es\/news\/e1-prima-pro-la-maquina-profesional-de-un-grupo-para-los-pioneros-del-gusto\/#breadcrumb","itemListElement":[{"@type":"ListItem","position":1,"name":"Inicio","item":"https:\/\/victoriaarduino.com\/es\/pagina-de-inicio\/"},{"@type":"ListItem","position":2,"name":"Storie","item":"https:\/\/victoriaarduino.com\/es\/news\/"},{"@type":"ListItem","position":3,"name":"E1 prima PRO, la m\u00e1quina profesional de un grupo para los pioneros del gusto."}]},{"@type":"WebSite","@id":"https:\/\/victoriaarduino.com\/es\/#website","url":"https:\/\/victoriaarduino.com\/es\/","name":"Victoria Arduino","description":"","potentialAction":[{"@type":"SearchAction","target":{"@type":"EntryPoint","urlTemplate":"https:\/\/victoriaarduino.com\/es\/?s={search_term_string}"},"query-input":{"@type":"PropertyValueSpecification","valueRequired":true,"valueName":"search_term_string"}}],"inLanguage":"es"}]}},"_links":{"self":[{"href":"https:\/\/victoriaarduino.com\/es\/wp-json\/wp\/v2\/story\/5920","targetHints":{"allow":["GET"]}}],"collection":[{"href":"https:\/\/victoriaarduino.com\/es\/wp-json\/wp\/v2\/story"}],"about":[{"href":"https:\/\/victoriaarduino.com\/es\/wp-json\/wp\/v2\/types\/story"}],"wp:featuredmedia":[{"embeddable":true,"href":"https:\/\/victoriaarduino.com\/es\/wp-json\/wp\/v2\/media\/5921"}],"wp:attachment":[{"href":"https:\/\/victoriaarduino.com\/es\/wp-json\/wp\/v2\/media?parent=5920"}],"wp:term":[{"taxonomy":"story_category","embeddable":true,"href":"https:\/\/victoriaarduino.com\/es\/wp-json\/wp\/v2\/story_category?post=5920"}],"curies":[{"name":"wp","href":"https:\/\/api.w.org\/{rel}","templated":true}]}}