{"id":5551,"date":"2025-04-03T16:39:00","date_gmt":"2025-04-03T14:39:00","guid":{"rendered":"https:\/\/victoriaarduino.com\/news\/semaine-du-design-de-milan-2025-victoria-arduino-presente-ledition-speciale-e1-prima\/"},"modified":"2026-02-20T12:02:12","modified_gmt":"2026-02-20T11:02:12","slug":"semaine-du-design-de-milan-2025-victoria-arduino-presente-ledition-speciale-e1-prima","status":"publish","type":"story","link":"https:\/\/victoriaarduino.com\/fr\/news\/semaine-du-design-de-milan-2025-victoria-arduino-presente-ledition-speciale-e1-prima\/","title":{"rendered":"Semaine du design de Milan 2025 : Victoria arduino pr\u00e9sente E1 First Special Edition"},"featured_media":3834,"template":"","meta":{"_acf_changed":false,"inline_featured_image":false},"story_category":[],"class_list":["post-5551","story","type-story","status-publish","has-post-thumbnail","hentry"],"acf":{"story_content_blocks":[{"acf_fc_layout":"text","description":"<p>Victoria Arduino vous attend \u00e0 la <b>Milano Design Week 2025<\/b> pour un \u00e9v\u00e9nement c\u00e9l\u00e9brant la fusion de l&rsquo;innovation et de la tradition. <b>&lsquo;The Design Blend&rsquo;<\/b> est le titre d&rsquo;un \u00e9v\u00e9nement exclusif \u00e0 la Starbucks Reserve\u2122 Roastery Milano sur la Piazza Cordusio, o\u00f9 Victoria Arduino red\u00e9finit la personnalisation de ses machines \u00e0 caf\u00e9 E1 Prima, r\u00e9pondant ainsi \u00e0 la demande croissante d&rsquo;une esth\u00e9tique audacieuse et d&rsquo;identit\u00e9s distinctives.<br \/>\nL&rsquo;\u00e9dition sp\u00e9ciale E1 Prima se distingue comme une ic\u00f4ne du design, offrant trois finitions uniques - cuir vegan, texture et raphia - qui combinent des mat\u00e9riaux haut de gamme, des palettes de couleurs raffin\u00e9es et des fonctionnalit\u00e9s dans un objet con\u00e7u pour red\u00e9finir les espaces et inspirer \u00e0 travers des narrations visuelles innovantes. Chaque d\u00e9tail repr\u00e9sente un manifeste de style, combinant mat\u00e9riaux haut de gamme et fonctionnalit\u00e9 pour cr\u00e9er une harmonie parfaite et inspirer \u00e0 travers des r\u00e9cits visuels qui red\u00e9finissent les espaces.<br \/>\nL&rsquo;\u00e9v\u00e9nement &lsquo;The Design Blend&rsquo; combine l&rsquo;innovation technologique et esth\u00e9tique d&rsquo;E1 Prima avec l&rsquo;h\u00e9ritage de la marque Arduino, accueillie dans la <b>Starbucks Reserve\u2122 Roastery Milan<\/b> - un v\u00e9ritable temple de l&rsquo;exp\u00e9rience du caf\u00e9.<br \/>\nLa machine \u00e0 caf\u00e9 embl\u00e9matique sera la pi\u00e8ce ma\u00eetresse d&rsquo;une installation qui combine esth\u00e9tique et fonction, explorant le lien entre le pass\u00e9 et l&rsquo;avenir. Des d\u00e9tails Art d\u00e9co se m\u00ealent \u00e0 des \u00e9l\u00e9ments modernes et brutalistes, cr\u00e9ant une exp\u00e9rience visuelle et sensorielle qui c\u00e9l\u00e8bre la beaut\u00e9 du design et la passion du caf\u00e9.<br \/>\nUn \u00e9l\u00e9ment distinctif de l&rsquo;installation sera la r\u00e9interpr\u00e9tation de certaines images historiques de la marque gr\u00e2ce \u00e0 l&rsquo;intelligence artificielle, qui prendra vie dans une animation fascinante qui traverse le temps, combinant l&rsquo;art et la technologie.<\/p>\n"},{"acf_fc_layout":"images","gallery":[{"ID":3836,"id":3836,"title":"Prima-Special-edition-2-scaled-1","filename":"Prima-Special-edition-2-scaled-1.jpg","filesize":3321232,"url":"https:\/\/victoriaarduino.com\/wp-content\/uploads\/2025\/05\/Prima-Special-edition-2-scaled-1.jpg","link":"https:\/\/victoriaarduino.com\/fr\/prima-special-edition-2-scaled-1-2\/","alt":"","author":"1","description":"","caption":"","name":"prima-special-edition-2-scaled-1-2","status":"inherit","uploaded_to":0,"date":"2025-05-15 14:39:17","modified":"2025-05-15 14:39:17","menu_order":0,"mime_type":"image\/jpeg","type":"image","subtype":"jpeg","icon":"https:\/\/victoriaarduino.com\/wp-includes\/images\/media\/default.png","width":2560,"height":2560,"sizes":{"thumbnail":"https:\/\/victoriaarduino.com\/wp-content\/uploads\/2025\/05\/Prima-Special-edition-2-scaled-1-150x150.jpg","thumbnail-width":150,"thumbnail-height":150,"medium":"https:\/\/victoriaarduino.com\/wp-content\/uploads\/2025\/05\/Prima-Special-edition-2-scaled-1-300x300.jpg","medium-width":300,"medium-height":300,"medium_large":"https:\/\/victoriaarduino.com\/wp-content\/uploads\/2025\/05\/Prima-Special-edition-2-scaled-1-768x768.jpg","medium_large-width":768,"medium_large-height":768,"large":"https:\/\/victoriaarduino.com\/wp-content\/uploads\/2025\/05\/Prima-Special-edition-2-scaled-1-1024x1024.jpg","large-width":1024,"large-height":1024,"1536x1536":"https:\/\/victoriaarduino.com\/wp-content\/uploads\/2025\/05\/Prima-Special-edition-2-scaled-1-1536x1536.jpg","1536x1536-width":1536,"1536x1536-height":1536,"2048x2048":"https:\/\/victoriaarduino.com\/wp-content\/uploads\/2025\/05\/Prima-Special-edition-2-scaled-1-2048x2048.jpg","2048x2048-width":2048,"2048x2048-height":2048}}]},{"acf_fc_layout":"text","description":"<p>Un \u00e9l\u00e9ment distinctif de l&rsquo;installation sera la r\u00e9interpr\u00e9tation de certaines <b>images historiques de la marque gr\u00e2ce \u00e0 l&rsquo;intelligence artificielle<\/b>, qui prendra vie dans une animation fascinante qui traverse le temps, combinant l&rsquo;art et la technologie.<br \/>\nPour enrichir davantage cette c\u00e9l\u00e9bration du design, un <b>livre raffin\u00e9<\/b> en \u00e9dition limit\u00e9e sera pr\u00e9sent\u00e9, rassemblant les images \u00e9vocatrices de la s\u00e9ance photo r\u00e9alis\u00e9e dans un h\u00f4tel d&rsquo;exp\u00e9rience exclusif qui c\u00e9l\u00e8bre le design Made in Italy dans chaque chambre. Sign\u00e9 par Victoria Arduino, le livre entrem\u00ealera l&rsquo;histoire du design et les valeurs de la marque avec l&rsquo;\u00e9l\u00e9gance intemporelle des chambres, narrant le lien entre l&rsquo;architecture et le design des machines.<br \/>\nLe coffee table book sera expos\u00e9 \u00e0 c\u00f4t\u00e9 des machines, offrant aux visiteurs une exp\u00e9rience encore plus <b>immersive<\/b> dans l&rsquo;univers esth\u00e9tique de Victoria Arduino.<br \/>\nPendant la Milan Design Week, la Starbucks Reserve\u2122 Roastery Milano deviendra un point de rencontre pour les designers, les influenceurs de la mode et les personnalit\u00e9s importantes du monde du lifestyle. Elle offrira une occasion id\u00e9ale d&rsquo;explorer la culture du caf\u00e9 \u00e0 travers une perspective innovante, dans un contexte qui c\u00e9l\u00e8bre l&rsquo;excellence et la cr\u00e9ativit\u00e9 italiennes.<\/p>\n"},{"acf_fc_layout":"images","gallery":[{"ID":3838,"id":3838,"title":"Screenshot-2025-04-02-110604","filename":"Screenshot-2025-04-02-110604.png","filesize":1140364,"url":"https:\/\/victoriaarduino.com\/wp-content\/uploads\/2025\/05\/Screenshot-2025-04-02-110604.png","link":"https:\/\/victoriaarduino.com\/fr\/screenshot-2025-04-02-110604-2\/","alt":"","author":"1","description":"","caption":"","name":"screenshot-2025-04-02-110604-2","status":"inherit","uploaded_to":0,"date":"2025-05-15 14:39:18","modified":"2025-05-15 14:39:18","menu_order":0,"mime_type":"image\/png","type":"image","subtype":"png","icon":"https:\/\/victoriaarduino.com\/wp-includes\/images\/media\/default.png","width":1533,"height":890,"sizes":{"thumbnail":"https:\/\/victoriaarduino.com\/wp-content\/uploads\/2025\/05\/Screenshot-2025-04-02-110604-150x150.png","thumbnail-width":150,"thumbnail-height":150,"medium":"https:\/\/victoriaarduino.com\/wp-content\/uploads\/2025\/05\/Screenshot-2025-04-02-110604-300x174.png","medium-width":300,"medium-height":174,"medium_large":"https:\/\/victoriaarduino.com\/wp-content\/uploads\/2025\/05\/Screenshot-2025-04-02-110604-768x446.png","medium_large-width":768,"medium_large-height":446,"large":"https:\/\/victoriaarduino.com\/wp-content\/uploads\/2025\/05\/Screenshot-2025-04-02-110604-1024x594.png","large-width":1024,"large-height":594,"1536x1536":"https:\/\/victoriaarduino.com\/wp-content\/uploads\/2025\/05\/Screenshot-2025-04-02-110604.png","1536x1536-width":1533,"1536x1536-height":890,"2048x2048":"https:\/\/victoriaarduino.com\/wp-content\/uploads\/2025\/05\/Screenshot-2025-04-02-110604.png","2048x2048-width":1533,"2048x2048-height":890}}]},{"acf_fc_layout":"text","description":"<p>Restez au courant des \u00e9v\u00e9nements et de l&rsquo;actualit\u00e9 de Victoria Arduino en suivant sa page Instagram @victoriaarduinoofficial.<\/p>\n"}],"story_preview_subtitle":"Un voyage sensoriel entre innovation et tradition au Starbucks Reserve\u2122 roastery milan - 7-13 avril.","story_related_products":[{"ID":6358,"post_author":"1","post_date":"2025-05-20 15:40:06","post_date_gmt":"2025-05-20 13:40:06","post_content":"","post_title":"E1 Prima","post_excerpt":"","post_status":"publish","comment_status":"closed","ping_status":"closed","post_password":"","post_name":"e1-prima","to_ping":"","pinged":"","post_modified":"2025-10-30 16:30:38","post_modified_gmt":"2025-10-30 15:30:38","post_content_filtered":"","post_parent":0,"guid":"https:\/\/victoriaarduino.com\/products-machines\/e1-prima\/","menu_order":0,"post_type":"products-machines","post_mime_type":"","comment_count":"0","filter":"raw"}],"story_related_locations":""},"yoast_head":"<!-- This site is optimized with the Yoast SEO plugin v27.5 - https:\/\/yoast.com\/product\/yoast-seo-wordpress\/ -->\n<title>Victoria Arduino \u00e0 la Milan Design Week 2025<\/title>\n<meta name=\"description\" content=\"Victoria Arduino d\u00e9voile la E1 Prima Edizione Speciale \u00e0 la Semaine du design de Milan 2025, o\u00f9 le design rencontre l&#039;innovation en mati\u00e8re de caf\u00e9.\" \/>\n<meta name=\"robots\" content=\"index, follow, max-snippet:-1, max-image-preview:large, max-video-preview:-1\" \/>\n<link rel=\"canonical\" href=\"https:\/\/victoriaarduino.com\/fr\/news\/semaine-du-design-de-milan-2025-victoria-arduino-presente-ledition-speciale-e1-prima\/\" \/>\n<meta property=\"og:locale\" content=\"fr_FR\" \/>\n<meta property=\"og:type\" content=\"article\" \/>\n<meta property=\"og:title\" content=\"Victoria Arduino \u00e0 la Milan Design Week 2025\" \/>\n<meta property=\"og:description\" content=\"Victoria Arduino d\u00e9voile la E1 Prima Edizione Speciale \u00e0 la Semaine du design de Milan 2025, o\u00f9 le design rencontre l&#039;innovation en mati\u00e8re de caf\u00e9.\" \/>\n<meta property=\"og:url\" content=\"https:\/\/victoriaarduino.com\/fr\/news\/semaine-du-design-de-milan-2025-victoria-arduino-presente-ledition-speciale-e1-prima\/\" \/>\n<meta property=\"og:site_name\" content=\"Victoria Arduino\" \/>\n<meta property=\"article:modified_time\" content=\"2026-02-20T11:02:12+00:00\" \/>\n<meta property=\"og:image\" content=\"https:\/\/victoriaarduino.com\/wp-content\/uploads\/2025\/05\/Design-Week-Milano-Victoria-Arduino.jpg\" \/>\n\t<meta property=\"og:image:width\" content=\"1080\" \/>\n\t<meta property=\"og:image:height\" content=\"1350\" \/>\n\t<meta property=\"og:image:type\" content=\"image\/jpeg\" \/>\n<meta name=\"twitter:card\" content=\"summary_large_image\" \/>\n<meta name=\"twitter:label1\" content=\"Dur\u00e9e de lecture estim\u00e9e\" \/>\n\t<meta name=\"twitter:data1\" content=\"1 minute\" \/>\n<script type=\"application\/ld+json\" class=\"yoast-schema-graph\">{\"@context\":\"https:\\\/\\\/schema.org\",\"@graph\":[{\"@type\":\"WebPage\",\"@id\":\"https:\\\/\\\/victoriaarduino.com\\\/fr\\\/news\\\/semaine-du-design-de-milan-2025-victoria-arduino-presente-ledition-speciale-e1-prima\\\/\",\"url\":\"https:\\\/\\\/victoriaarduino.com\\\/fr\\\/news\\\/semaine-du-design-de-milan-2025-victoria-arduino-presente-ledition-speciale-e1-prima\\\/\",\"name\":\"Victoria Arduino \u00e0 la Milan Design Week 2025\",\"isPartOf\":{\"@id\":\"https:\\\/\\\/victoriaarduino.com\\\/fr\\\/#website\"},\"primaryImageOfPage\":{\"@id\":\"https:\\\/\\\/victoriaarduino.com\\\/fr\\\/news\\\/semaine-du-design-de-milan-2025-victoria-arduino-presente-ledition-speciale-e1-prima\\\/#primaryimage\"},\"image\":{\"@id\":\"https:\\\/\\\/victoriaarduino.com\\\/fr\\\/news\\\/semaine-du-design-de-milan-2025-victoria-arduino-presente-ledition-speciale-e1-prima\\\/#primaryimage\"},\"thumbnailUrl\":\"https:\\\/\\\/victoriaarduino.com\\\/wp-content\\\/uploads\\\/2025\\\/05\\\/Design-Week-Milano-Victoria-Arduino.jpg\",\"datePublished\":\"2025-04-03T14:39:00+00:00\",\"dateModified\":\"2026-02-20T11:02:12+00:00\",\"description\":\"Victoria Arduino d\u00e9voile la E1 Prima Edizione Speciale \u00e0 la Semaine du design de Milan 2025, o\u00f9 le design rencontre l'innovation en mati\u00e8re de caf\u00e9.\",\"breadcrumb\":{\"@id\":\"https:\\\/\\\/victoriaarduino.com\\\/fr\\\/news\\\/semaine-du-design-de-milan-2025-victoria-arduino-presente-ledition-speciale-e1-prima\\\/#breadcrumb\"},\"inLanguage\":\"fr-FR\",\"potentialAction\":[{\"@type\":\"ReadAction\",\"target\":[\"https:\\\/\\\/victoriaarduino.com\\\/fr\\\/news\\\/semaine-du-design-de-milan-2025-victoria-arduino-presente-ledition-speciale-e1-prima\\\/\"]}]},{\"@type\":\"ImageObject\",\"inLanguage\":\"fr-FR\",\"@id\":\"https:\\\/\\\/victoriaarduino.com\\\/fr\\\/news\\\/semaine-du-design-de-milan-2025-victoria-arduino-presente-ledition-speciale-e1-prima\\\/#primaryimage\",\"url\":\"https:\\\/\\\/victoriaarduino.com\\\/wp-content\\\/uploads\\\/2025\\\/05\\\/Design-Week-Milano-Victoria-Arduino.jpg\",\"contentUrl\":\"https:\\\/\\\/victoriaarduino.com\\\/wp-content\\\/uploads\\\/2025\\\/05\\\/Design-Week-Milano-Victoria-Arduino.jpg\",\"width\":1080,\"height\":1350},{\"@type\":\"BreadcrumbList\",\"@id\":\"https:\\\/\\\/victoriaarduino.com\\\/fr\\\/news\\\/semaine-du-design-de-milan-2025-victoria-arduino-presente-ledition-speciale-e1-prima\\\/#breadcrumb\",\"itemListElement\":[{\"@type\":\"ListItem\",\"position\":1,\"name\":\"Accueil\",\"item\":\"https:\\\/\\\/victoriaarduino.com\\\/fr\\\/page-daccueil\\\/\"},{\"@type\":\"ListItem\",\"position\":2,\"name\":\"Storie\",\"item\":\"https:\\\/\\\/victoriaarduino.com\\\/fr\\\/news\\\/\"},{\"@type\":\"ListItem\",\"position\":3,\"name\":\"Semaine du design de Milan 2025 : Victoria arduino pr\u00e9sente E1 First Special Edition\"}]},{\"@type\":\"WebSite\",\"@id\":\"https:\\\/\\\/victoriaarduino.com\\\/fr\\\/#website\",\"url\":\"https:\\\/\\\/victoriaarduino.com\\\/fr\\\/\",\"name\":\"Victoria Arduino\",\"description\":\"\",\"potentialAction\":[{\"@type\":\"SearchAction\",\"target\":{\"@type\":\"EntryPoint\",\"urlTemplate\":\"https:\\\/\\\/victoriaarduino.com\\\/fr\\\/?s={search_term_string}\"},\"query-input\":{\"@type\":\"PropertyValueSpecification\",\"valueRequired\":true,\"valueName\":\"search_term_string\"}}],\"inLanguage\":\"fr-FR\"}]}<\/script>\n<!-- \/ Yoast SEO plugin. -->","yoast_head_json":{"title":"Victoria Arduino \u00e0 la Milan Design Week 2025","description":"Victoria Arduino d\u00e9voile la E1 Prima Edizione Speciale \u00e0 la Semaine du design de Milan 2025, o\u00f9 le design rencontre l'innovation en mati\u00e8re de caf\u00e9.","robots":{"index":"index","follow":"follow","max-snippet":"max-snippet:-1","max-image-preview":"max-image-preview:large","max-video-preview":"max-video-preview:-1"},"canonical":"https:\/\/victoriaarduino.com\/fr\/news\/semaine-du-design-de-milan-2025-victoria-arduino-presente-ledition-speciale-e1-prima\/","og_locale":"fr_FR","og_type":"article","og_title":"Victoria Arduino \u00e0 la Milan Design Week 2025","og_description":"Victoria Arduino d\u00e9voile la E1 Prima Edizione Speciale \u00e0 la Semaine du design de Milan 2025, o\u00f9 le design rencontre l'innovation en mati\u00e8re de caf\u00e9.","og_url":"https:\/\/victoriaarduino.com\/fr\/news\/semaine-du-design-de-milan-2025-victoria-arduino-presente-ledition-speciale-e1-prima\/","og_site_name":"Victoria Arduino","article_modified_time":"2026-02-20T11:02:12+00:00","og_image":[{"width":1080,"height":1350,"url":"https:\/\/victoriaarduino.com\/wp-content\/uploads\/2025\/05\/Design-Week-Milano-Victoria-Arduino.jpg","type":"image\/jpeg"}],"twitter_card":"summary_large_image","twitter_misc":{"Dur\u00e9e de lecture estim\u00e9e":"1 minute"},"schema":{"@context":"https:\/\/schema.org","@graph":[{"@type":"WebPage","@id":"https:\/\/victoriaarduino.com\/fr\/news\/semaine-du-design-de-milan-2025-victoria-arduino-presente-ledition-speciale-e1-prima\/","url":"https:\/\/victoriaarduino.com\/fr\/news\/semaine-du-design-de-milan-2025-victoria-arduino-presente-ledition-speciale-e1-prima\/","name":"Victoria Arduino \u00e0 la Milan Design Week 2025","isPartOf":{"@id":"https:\/\/victoriaarduino.com\/fr\/#website"},"primaryImageOfPage":{"@id":"https:\/\/victoriaarduino.com\/fr\/news\/semaine-du-design-de-milan-2025-victoria-arduino-presente-ledition-speciale-e1-prima\/#primaryimage"},"image":{"@id":"https:\/\/victoriaarduino.com\/fr\/news\/semaine-du-design-de-milan-2025-victoria-arduino-presente-ledition-speciale-e1-prima\/#primaryimage"},"thumbnailUrl":"https:\/\/victoriaarduino.com\/wp-content\/uploads\/2025\/05\/Design-Week-Milano-Victoria-Arduino.jpg","datePublished":"2025-04-03T14:39:00+00:00","dateModified":"2026-02-20T11:02:12+00:00","description":"Victoria Arduino d\u00e9voile la E1 Prima Edizione Speciale \u00e0 la Semaine du design de Milan 2025, o\u00f9 le design rencontre l'innovation en mati\u00e8re de caf\u00e9.","breadcrumb":{"@id":"https:\/\/victoriaarduino.com\/fr\/news\/semaine-du-design-de-milan-2025-victoria-arduino-presente-ledition-speciale-e1-prima\/#breadcrumb"},"inLanguage":"fr-FR","potentialAction":[{"@type":"ReadAction","target":["https:\/\/victoriaarduino.com\/fr\/news\/semaine-du-design-de-milan-2025-victoria-arduino-presente-ledition-speciale-e1-prima\/"]}]},{"@type":"ImageObject","inLanguage":"fr-FR","@id":"https:\/\/victoriaarduino.com\/fr\/news\/semaine-du-design-de-milan-2025-victoria-arduino-presente-ledition-speciale-e1-prima\/#primaryimage","url":"https:\/\/victoriaarduino.com\/wp-content\/uploads\/2025\/05\/Design-Week-Milano-Victoria-Arduino.jpg","contentUrl":"https:\/\/victoriaarduino.com\/wp-content\/uploads\/2025\/05\/Design-Week-Milano-Victoria-Arduino.jpg","width":1080,"height":1350},{"@type":"BreadcrumbList","@id":"https:\/\/victoriaarduino.com\/fr\/news\/semaine-du-design-de-milan-2025-victoria-arduino-presente-ledition-speciale-e1-prima\/#breadcrumb","itemListElement":[{"@type":"ListItem","position":1,"name":"Accueil","item":"https:\/\/victoriaarduino.com\/fr\/page-daccueil\/"},{"@type":"ListItem","position":2,"name":"Storie","item":"https:\/\/victoriaarduino.com\/fr\/news\/"},{"@type":"ListItem","position":3,"name":"Semaine du design de Milan 2025 : Victoria arduino pr\u00e9sente E1 First Special Edition"}]},{"@type":"WebSite","@id":"https:\/\/victoriaarduino.com\/fr\/#website","url":"https:\/\/victoriaarduino.com\/fr\/","name":"Victoria Arduino","description":"","potentialAction":[{"@type":"SearchAction","target":{"@type":"EntryPoint","urlTemplate":"https:\/\/victoriaarduino.com\/fr\/?s={search_term_string}"},"query-input":{"@type":"PropertyValueSpecification","valueRequired":true,"valueName":"search_term_string"}}],"inLanguage":"fr-FR"}]}},"_links":{"self":[{"href":"https:\/\/victoriaarduino.com\/fr\/wp-json\/wp\/v2\/story\/5551","targetHints":{"allow":["GET"]}}],"collection":[{"href":"https:\/\/victoriaarduino.com\/fr\/wp-json\/wp\/v2\/story"}],"about":[{"href":"https:\/\/victoriaarduino.com\/fr\/wp-json\/wp\/v2\/types\/story"}],"wp:featuredmedia":[{"embeddable":true,"href":"https:\/\/victoriaarduino.com\/fr\/wp-json\/wp\/v2\/media\/3834"}],"wp:attachment":[{"href":"https:\/\/victoriaarduino.com\/fr\/wp-json\/wp\/v2\/media?parent=5551"}],"wp:term":[{"taxonomy":"story_category","embeddable":true,"href":"https:\/\/victoriaarduino.com\/fr\/wp-json\/wp\/v2\/story_category?post=5551"}],"curies":[{"name":"wp","href":"https:\/\/api.w.org\/{rel}","templated":true}]}}